{"id":1026,"date":"2022-01-18T13:24:00","date_gmt":"2022-01-18T13:24:00","guid":{"rendered":"https:\/\/www.termisol.nl\/termisol2022\/?p=1026"},"modified":"2022-07-18T07:55:45","modified_gmt":"2022-07-18T07:55:45","slug":"our-manager-adv-elena-mannucci-has-been-elected-president-of-anicta","status":"publish","type":"post","link":"https:\/\/www.termisol.nl\/termisol2022\/news\/our-manager-adv-elena-mannucci-has-been-elected-president-of-anicta\/","title":{"rendered":"Our Manager, Adv. Elena Mannucci, has been elected President of ANICTA!"},"content":{"rendered":"\n<p>Si \u00e8 tenuta il giorno 3 dicembre 2021 l\u2019Assemblea annuale ANICTA che ha visto riunita nuovamente in presenza, dopo due anni, tutta la compagine associativa.<\/p>\n\n\n\n<p>L\u2019Assemblea si \u00e8 aperta con il discorso del Presidente Lorenzo Borsini \u201cDopo 10 mandati ho deciso di non candidarmi promuovendo cos\u00ec un ricambio generazionale sicuramente pi\u00f9 adatto alle nuove sfide che le Aziende associate stanno affrontando. (\u2026) Grazie alla fiducia di tutti gli Associati che si sono susseguiti in 20 anni di storia associativa, ho avuto il previlegio di seguire e monitorare le grandi trasformazioni del nostro settore, del mondo produttivo di riferimento e, non ultimo, di quello confindustriale.\u201d<\/p>\n\n\n\n<p>L\u2019incontro \u00e8 stato un\u2019occasione di interessante scambio tra gli associati su diversi temi, primo tra tutti quello ambientale sul quale \u00e8 intervenuta la Vice presidente Elena Mannucci, promotrice di diverse iniziative sulla responsabilit\u00e0 sociale di ANICTA e dei suoi associati, tra cui la collaborazione con ARBOLIA in un progetto di sviluppo sostenibile e riqualificazione del territorio che \u00e8 stato siglato nel corso dell\u2019Assemblea.<\/p>\n\n\n\n<p>Quest\u2019anno scadeva il mandato del Consiglio direttivo e si \u00e8 provveduto al rinnovo delle cariche per il biennio 2022-2023. Il nuovo Consiglio direttivo di ANICTA \u00e8 composto dai seguenti consiglieri:<\/p>\n\n\n\n<ul><li>Daniele Battilocchio \u2013 SICOI SAS<\/li><li>Domenico Cimmino \u2013 SAIT SPA<\/li><li>Massimo Conti \u2013 ISOLVER SRL<\/li><li>Elena Mannucci \u2013 TERMISOL TERMICA SRL<\/li><li>Stefano Pedron \u2013 MAE AMBIENTE SRL<\/li><li>Nuccio Perna \u2013 ISOLMEC GROUP SPA<\/li><li>Fabrizio Todaro \u2013 MONTAGGI &amp; IMPIANTI SRL<\/li><\/ul>\n\n\n\n<p>Riunitosi il neo eletto Consiglio direttivo, ha eletto Presidente Elena Mannucci \u2013 TERMISOL TERMICA SRL che a sua volta ha confermato alla vice presidenza Daniele Battilocchio \u2013 SICOI SAS che sar\u00e0 affiancato dall\u2019altro vice presidente Fabrizio Todaro \u2013 MONTAGGI &amp; IMPIANTI SRL. Lorenzo Borsini ricoprir\u00e0 la carica di Past President operativo.<\/p>\n\n\n\n<p>La neo eletta Presidente Elena Mannucci ha dichiarato: \u201cRingrazio gli Associati ed i Consiglieri per la fiducia accordatami, \u00e8 un onore per me ricoprire questa carica, affronter\u00f2 questo percorso con un forte senso di responsabilit\u00e0 verso un futuro di sviluppo sostenibile delle nostre imprese. Con la collaborazione preziosa dei due vice Presidenti e dei Consiglieri, sono certa che raggiungeremo obiettivi importanti, in prosecuzione dell\u2019ottimo lavoro sviluppato dal nostro Past President Lorenzo Borsini a cui va il mio ringraziamento particolare per aver portato ANICTA agli ottimi livelli di oggi, confidando nel suo affiancamento e nel patrimonio di esperienze che generosamente continuer\u00e0 a mettere a disposizione della nostra Associazione\u201d. A tutti i nuovi eletti auguriamo buon lavoro.<\/p>\n\n\n\n<p><a href=\"https:\/\/anicta.it\/2021\/12\/06\/assemblea-anicta-2021\/\" target=\"_blank\" rel=\"noreferrer noopener\">News source<\/a><\/p>\n","protected":false},"excerpt":{"rendered":"<p>Si \u00e8 tenuta il giorno 3 dicembre 2021 l\u2019Assemblea annuale ANICTA che ha visto riunita nuovamente in presenza, dopo due anni, tutta la compagine associativa. L\u2019Assemblea si \u00e8 aperta con il discorso del Presidente Lorenzo Borsini \u201cDopo 10 mandati ho deciso di non candidarmi promuovendo cos\u00ec un ricambio generazionale sicuramente pi\u00f9 adatto alle nuove sfide [&hellip;]<\/p>\n","protected":false},"author":1,"featured_media":1027,"comment_status":"closed","ping_status":"open","sticky":false,"template":"","format":"standard","meta":{"_acf_changed":false,"footnotes":""},"categories":[6],"tags":[],"acf":[],"yoast_head":"<!-- This site is optimized with the Yoast SEO plugin v23.5 - https:\/\/yoast.com\/wordpress\/plugins\/seo\/ -->\n<title>Our Manager, Adv. Elena Mannucci, has been elected President of ANICTA! - Termisol<\/title>\n<meta name=\"robots\" content=\"index, follow, max-snippet:-1, max-image-preview:large, max-video-preview:-1\" \/>\n<link rel=\"canonical\" href=\"https:\/\/www.termisol.nl\/termisol2022\/news\/our-manager-adv-elena-mannucci-has-been-elected-president-of-anicta\/\" \/>\n<meta property=\"og:locale\" content=\"en_US\" \/>\n<meta property=\"og:type\" content=\"article\" \/>\n<meta property=\"og:title\" content=\"Our Manager, Adv. Elena Mannucci, has been elected President of ANICTA! - Termisol\" \/>\n<meta property=\"og:description\" content=\"Si \u00e8 tenuta il giorno 3 dicembre 2021 l\u2019Assemblea annuale ANICTA che ha visto riunita nuovamente in presenza, dopo due anni, tutta la compagine associativa. L\u2019Assemblea si \u00e8 aperta con il discorso del Presidente Lorenzo Borsini \u201cDopo 10 mandati ho deciso di non candidarmi promuovendo cos\u00ec un ricambio generazionale sicuramente pi\u00f9 adatto alle nuove sfide [&hellip;]\" \/>\n<meta property=\"og:url\" content=\"https:\/\/www.termisol.nl\/termisol2022\/news\/our-manager-adv-elena-mannucci-has-been-elected-president-of-anicta\/\" \/>\n<meta property=\"og:site_name\" content=\"Termisol\" \/>\n<meta property=\"article:published_time\" content=\"2022-01-18T13:24:00+00:00\" \/>\n<meta property=\"article:modified_time\" content=\"2022-07-18T07:55:45+00:00\" \/>\n<meta property=\"og:image\" content=\"https:\/\/www.termisol.nl\/termisol2022\/wp-content\/uploads\/2022\/07\/EN-News-Anicta.jpg\" \/>\n\t<meta property=\"og:image:width\" content=\"996\" \/>\n\t<meta property=\"og:image:height\" content=\"747\" \/>\n\t<meta property=\"og:image:type\" content=\"image\/jpeg\" \/>\n<meta name=\"author\" content=\"admin\" \/>\n<meta name=\"twitter:card\" content=\"summary_large_image\" \/>\n<meta name=\"twitter:label1\" content=\"Written by\" \/>\n\t<meta name=\"twitter:data1\" content=\"admin\" \/>\n\t<meta name=\"twitter:label2\" content=\"Est. reading time\" \/>\n\t<meta name=\"twitter:data2\" content=\"2 minutes\" \/>\n<script type=\"application\/ld+json\" class=\"yoast-schema-graph\">{\"@context\":\"https:\/\/schema.org\",\"@graph\":[{\"@type\":\"Article\",\"@id\":\"https:\/\/www.termisol.nl\/termisol2022\/news\/our-manager-adv-elena-mannucci-has-been-elected-president-of-anicta\/#article\",\"isPartOf\":{\"@id\":\"https:\/\/www.termisol.nl\/termisol2022\/news\/our-manager-adv-elena-mannucci-has-been-elected-president-of-anicta\/\"},\"author\":{\"name\":\"admin\",\"@id\":\"https:\/\/www.termisol.nl\/termisol2022\/#\/schema\/person\/893d36516bb08f3d95a52fdfbf85677b\"},\"headline\":\"Our Manager, Adv. Elena Mannucci, has been elected President of ANICTA!\",\"datePublished\":\"2022-01-18T13:24:00+00:00\",\"dateModified\":\"2022-07-18T07:55:45+00:00\",\"mainEntityOfPage\":{\"@id\":\"https:\/\/www.termisol.nl\/termisol2022\/news\/our-manager-adv-elena-mannucci-has-been-elected-president-of-anicta\/\"},\"wordCount\":401,\"publisher\":{\"@id\":\"https:\/\/www.termisol.nl\/termisol2022\/#organization\"},\"image\":{\"@id\":\"https:\/\/www.termisol.nl\/termisol2022\/news\/our-manager-adv-elena-mannucci-has-been-elected-president-of-anicta\/#primaryimage\"},\"thumbnailUrl\":\"https:\/\/www.termisol.nl\/termisol2022\/wp-content\/uploads\/2022\/07\/EN-News-Anicta.jpg\",\"articleSection\":[\"News\"],\"inLanguage\":\"en-US\"},{\"@type\":\"WebPage\",\"@id\":\"https:\/\/www.termisol.nl\/termisol2022\/news\/our-manager-adv-elena-mannucci-has-been-elected-president-of-anicta\/\",\"url\":\"https:\/\/www.termisol.nl\/termisol2022\/news\/our-manager-adv-elena-mannucci-has-been-elected-president-of-anicta\/\",\"name\":\"Our Manager, Adv. Elena Mannucci, has been elected President of ANICTA! - Termisol\",\"isPartOf\":{\"@id\":\"https:\/\/www.termisol.nl\/termisol2022\/#website\"},\"primaryImageOfPage\":{\"@id\":\"https:\/\/www.termisol.nl\/termisol2022\/news\/our-manager-adv-elena-mannucci-has-been-elected-president-of-anicta\/#primaryimage\"},\"image\":{\"@id\":\"https:\/\/www.termisol.nl\/termisol2022\/news\/our-manager-adv-elena-mannucci-has-been-elected-president-of-anicta\/#primaryimage\"},\"thumbnailUrl\":\"https:\/\/www.termisol.nl\/termisol2022\/wp-content\/uploads\/2022\/07\/EN-News-Anicta.jpg\",\"datePublished\":\"2022-01-18T13:24:00+00:00\",\"dateModified\":\"2022-07-18T07:55:45+00:00\",\"breadcrumb\":{\"@id\":\"https:\/\/www.termisol.nl\/termisol2022\/news\/our-manager-adv-elena-mannucci-has-been-elected-president-of-anicta\/#breadcrumb\"},\"inLanguage\":\"en-US\",\"potentialAction\":[{\"@type\":\"ReadAction\",\"target\":[\"https:\/\/www.termisol.nl\/termisol2022\/news\/our-manager-adv-elena-mannucci-has-been-elected-president-of-anicta\/\"]}]},{\"@type\":\"ImageObject\",\"inLanguage\":\"en-US\",\"@id\":\"https:\/\/www.termisol.nl\/termisol2022\/news\/our-manager-adv-elena-mannucci-has-been-elected-president-of-anicta\/#primaryimage\",\"url\":\"https:\/\/www.termisol.nl\/termisol2022\/wp-content\/uploads\/2022\/07\/EN-News-Anicta.jpg\",\"contentUrl\":\"https:\/\/www.termisol.nl\/termisol2022\/wp-content\/uploads\/2022\/07\/EN-News-Anicta.jpg\",\"width\":996,\"height\":747},{\"@type\":\"BreadcrumbList\",\"@id\":\"https:\/\/www.termisol.nl\/termisol2022\/news\/our-manager-adv-elena-mannucci-has-been-elected-president-of-anicta\/#breadcrumb\",\"itemListElement\":[{\"@type\":\"ListItem\",\"position\":1,\"name\":\"Home\",\"item\":\"https:\/\/www.termisol.nl\/termisol2022\/\"},{\"@type\":\"ListItem\",\"position\":2,\"name\":\"Our Manager, Adv. Elena Mannucci, has been elected President of ANICTA!\"}]},{\"@type\":\"WebSite\",\"@id\":\"https:\/\/www.termisol.nl\/termisol2022\/#website\",\"url\":\"https:\/\/www.termisol.nl\/termisol2022\/\",\"name\":\"Termisol\",\"description\":\"Termisol Termica: Industrial Insulation, Scaffolding, Anticorrosion Painting, Passive Fireproofing\",\"publisher\":{\"@id\":\"https:\/\/www.termisol.nl\/termisol2022\/#organization\"},\"potentialAction\":[{\"@type\":\"SearchAction\",\"target\":{\"@type\":\"EntryPoint\",\"urlTemplate\":\"https:\/\/www.termisol.nl\/termisol2022\/?s={search_term_string}\"},\"query-input\":{\"@type\":\"PropertyValueSpecification\",\"valueRequired\":true,\"valueName\":\"search_term_string\"}}],\"inLanguage\":\"en-US\"},{\"@type\":\"Organization\",\"@id\":\"https:\/\/www.termisol.nl\/termisol2022\/#organization\",\"name\":\"Termisol\",\"url\":\"https:\/\/www.termisol.nl\/termisol2022\/\",\"logo\":{\"@type\":\"ImageObject\",\"inLanguage\":\"en-US\",\"@id\":\"https:\/\/www.termisol.nl\/termisol2022\/#\/schema\/logo\/image\/\",\"url\":\"https:\/\/www.termisol.nl\/termisol2022\/wp-content\/uploads\/2022\/07\/Termisol-logo-big-transparent-.png\",\"contentUrl\":\"https:\/\/www.termisol.nl\/termisol2022\/wp-content\/uploads\/2022\/07\/Termisol-logo-big-transparent-.png\",\"width\":1080,\"height\":318,\"caption\":\"Termisol\"},\"image\":{\"@id\":\"https:\/\/www.termisol.nl\/termisol2022\/#\/schema\/logo\/image\/\"}},{\"@type\":\"Person\",\"@id\":\"https:\/\/www.termisol.nl\/termisol2022\/#\/schema\/person\/893d36516bb08f3d95a52fdfbf85677b\",\"name\":\"admin\",\"image\":{\"@type\":\"ImageObject\",\"inLanguage\":\"en-US\",\"@id\":\"https:\/\/www.termisol.nl\/termisol2022\/#\/schema\/person\/image\/\",\"url\":\"https:\/\/secure.gravatar.com\/avatar\/a2c8760764fc81aae5df36f7e228422a?s=96&d=mm&r=g\",\"contentUrl\":\"https:\/\/secure.gravatar.com\/avatar\/a2c8760764fc81aae5df36f7e228422a?s=96&d=mm&r=g\",\"caption\":\"admin\"},\"sameAs\":[\"https:\/\/www.termisol.nl\/termisol2022\"],\"url\":\"https:\/\/www.termisol.nl\/termisol2022\/author\/admin\/\"}]}<\/script>\n<!-- \/ Yoast SEO plugin. -->","yoast_head_json":{"title":"Our Manager, Adv. Elena Mannucci, has been elected President of ANICTA! - Termisol","robots":{"index":"index","follow":"follow","max-snippet":"max-snippet:-1","max-image-preview":"max-image-preview:large","max-video-preview":"max-video-preview:-1"},"canonical":"https:\/\/www.termisol.nl\/termisol2022\/news\/our-manager-adv-elena-mannucci-has-been-elected-president-of-anicta\/","og_locale":"en_US","og_type":"article","og_title":"Our Manager, Adv. Elena Mannucci, has been elected President of ANICTA! - Termisol","og_description":"Si \u00e8 tenuta il giorno 3 dicembre 2021 l\u2019Assemblea annuale ANICTA che ha visto riunita nuovamente in presenza, dopo due anni, tutta la compagine associativa. L\u2019Assemblea si \u00e8 aperta con il discorso del Presidente Lorenzo Borsini \u201cDopo 10 mandati ho deciso di non candidarmi promuovendo cos\u00ec un ricambio generazionale sicuramente pi\u00f9 adatto alle nuove sfide [&hellip;]","og_url":"https:\/\/www.termisol.nl\/termisol2022\/news\/our-manager-adv-elena-mannucci-has-been-elected-president-of-anicta\/","og_site_name":"Termisol","article_published_time":"2022-01-18T13:24:00+00:00","article_modified_time":"2022-07-18T07:55:45+00:00","og_image":[{"width":996,"height":747,"url":"https:\/\/www.termisol.nl\/termisol2022\/wp-content\/uploads\/2022\/07\/EN-News-Anicta.jpg","type":"image\/jpeg"}],"author":"admin","twitter_card":"summary_large_image","twitter_misc":{"Written by":"admin","Est. reading time":"2 minutes"},"schema":{"@context":"https:\/\/schema.org","@graph":[{"@type":"Article","@id":"https:\/\/www.termisol.nl\/termisol2022\/news\/our-manager-adv-elena-mannucci-has-been-elected-president-of-anicta\/#article","isPartOf":{"@id":"https:\/\/www.termisol.nl\/termisol2022\/news\/our-manager-adv-elena-mannucci-has-been-elected-president-of-anicta\/"},"author":{"name":"admin","@id":"https:\/\/www.termisol.nl\/termisol2022\/#\/schema\/person\/893d36516bb08f3d95a52fdfbf85677b"},"headline":"Our Manager, Adv. Elena Mannucci, has been elected President of ANICTA!","datePublished":"2022-01-18T13:24:00+00:00","dateModified":"2022-07-18T07:55:45+00:00","mainEntityOfPage":{"@id":"https:\/\/www.termisol.nl\/termisol2022\/news\/our-manager-adv-elena-mannucci-has-been-elected-president-of-anicta\/"},"wordCount":401,"publisher":{"@id":"https:\/\/www.termisol.nl\/termisol2022\/#organization"},"image":{"@id":"https:\/\/www.termisol.nl\/termisol2022\/news\/our-manager-adv-elena-mannucci-has-been-elected-president-of-anicta\/#primaryimage"},"thumbnailUrl":"https:\/\/www.termisol.nl\/termisol2022\/wp-content\/uploads\/2022\/07\/EN-News-Anicta.jpg","articleSection":["News"],"inLanguage":"en-US"},{"@type":"WebPage","@id":"https:\/\/www.termisol.nl\/termisol2022\/news\/our-manager-adv-elena-mannucci-has-been-elected-president-of-anicta\/","url":"https:\/\/www.termisol.nl\/termisol2022\/news\/our-manager-adv-elena-mannucci-has-been-elected-president-of-anicta\/","name":"Our Manager, Adv. Elena Mannucci, has been elected President of ANICTA! - Termisol","isPartOf":{"@id":"https:\/\/www.termisol.nl\/termisol2022\/#website"},"primaryImageOfPage":{"@id":"https:\/\/www.termisol.nl\/termisol2022\/news\/our-manager-adv-elena-mannucci-has-been-elected-president-of-anicta\/#primaryimage"},"image":{"@id":"https:\/\/www.termisol.nl\/termisol2022\/news\/our-manager-adv-elena-mannucci-has-been-elected-president-of-anicta\/#primaryimage"},"thumbnailUrl":"https:\/\/www.termisol.nl\/termisol2022\/wp-content\/uploads\/2022\/07\/EN-News-Anicta.jpg","datePublished":"2022-01-18T13:24:00+00:00","dateModified":"2022-07-18T07:55:45+00:00","breadcrumb":{"@id":"https:\/\/www.termisol.nl\/termisol2022\/news\/our-manager-adv-elena-mannucci-has-been-elected-president-of-anicta\/#breadcrumb"},"inLanguage":"en-US","potentialAction":[{"@type":"ReadAction","target":["https:\/\/www.termisol.nl\/termisol2022\/news\/our-manager-adv-elena-mannucci-has-been-elected-president-of-anicta\/"]}]},{"@type":"ImageObject","inLanguage":"en-US","@id":"https:\/\/www.termisol.nl\/termisol2022\/news\/our-manager-adv-elena-mannucci-has-been-elected-president-of-anicta\/#primaryimage","url":"https:\/\/www.termisol.nl\/termisol2022\/wp-content\/uploads\/2022\/07\/EN-News-Anicta.jpg","contentUrl":"https:\/\/www.termisol.nl\/termisol2022\/wp-content\/uploads\/2022\/07\/EN-News-Anicta.jpg","width":996,"height":747},{"@type":"BreadcrumbList","@id":"https:\/\/www.termisol.nl\/termisol2022\/news\/our-manager-adv-elena-mannucci-has-been-elected-president-of-anicta\/#breadcrumb","itemListElement":[{"@type":"ListItem","position":1,"name":"Home","item":"https:\/\/www.termisol.nl\/termisol2022\/"},{"@type":"ListItem","position":2,"name":"Our Manager, Adv. Elena Mannucci, has been elected President of ANICTA!"}]},{"@type":"WebSite","@id":"https:\/\/www.termisol.nl\/termisol2022\/#website","url":"https:\/\/www.termisol.nl\/termisol2022\/","name":"Termisol","description":"Termisol Termica: Industrial Insulation, Scaffolding, Anticorrosion Painting, Passive Fireproofing","publisher":{"@id":"https:\/\/www.termisol.nl\/termisol2022\/#organization"},"potentialAction":[{"@type":"SearchAction","target":{"@type":"EntryPoint","urlTemplate":"https:\/\/www.termisol.nl\/termisol2022\/?s={search_term_string}"},"query-input":{"@type":"PropertyValueSpecification","valueRequired":true,"valueName":"search_term_string"}}],"inLanguage":"en-US"},{"@type":"Organization","@id":"https:\/\/www.termisol.nl\/termisol2022\/#organization","name":"Termisol","url":"https:\/\/www.termisol.nl\/termisol2022\/","logo":{"@type":"ImageObject","inLanguage":"en-US","@id":"https:\/\/www.termisol.nl\/termisol2022\/#\/schema\/logo\/image\/","url":"https:\/\/www.termisol.nl\/termisol2022\/wp-content\/uploads\/2022\/07\/Termisol-logo-big-transparent-.png","contentUrl":"https:\/\/www.termisol.nl\/termisol2022\/wp-content\/uploads\/2022\/07\/Termisol-logo-big-transparent-.png","width":1080,"height":318,"caption":"Termisol"},"image":{"@id":"https:\/\/www.termisol.nl\/termisol2022\/#\/schema\/logo\/image\/"}},{"@type":"Person","@id":"https:\/\/www.termisol.nl\/termisol2022\/#\/schema\/person\/893d36516bb08f3d95a52fdfbf85677b","name":"admin","image":{"@type":"ImageObject","inLanguage":"en-US","@id":"https:\/\/www.termisol.nl\/termisol2022\/#\/schema\/person\/image\/","url":"https:\/\/secure.gravatar.com\/avatar\/a2c8760764fc81aae5df36f7e228422a?s=96&d=mm&r=g","contentUrl":"https:\/\/secure.gravatar.com\/avatar\/a2c8760764fc81aae5df36f7e228422a?s=96&d=mm&r=g","caption":"admin"},"sameAs":["https:\/\/www.termisol.nl\/termisol2022"],"url":"https:\/\/www.termisol.nl\/termisol2022\/author\/admin\/"}]}},"_links":{"self":[{"href":"https:\/\/www.termisol.nl\/termisol2022\/wp-json\/wp\/v2\/posts\/1026"}],"collection":[{"href":"https:\/\/www.termisol.nl\/termisol2022\/wp-json\/wp\/v2\/posts"}],"about":[{"href":"https:\/\/www.termisol.nl\/termisol2022\/wp-json\/wp\/v2\/types\/post"}],"author":[{"embeddable":true,"href":"https:\/\/www.termisol.nl\/termisol2022\/wp-json\/wp\/v2\/users\/1"}],"replies":[{"embeddable":true,"href":"https:\/\/www.termisol.nl\/termisol2022\/wp-json\/wp\/v2\/comments?post=1026"}],"version-history":[{"count":4,"href":"https:\/\/www.termisol.nl\/termisol2022\/wp-json\/wp\/v2\/posts\/1026\/revisions"}],"predecessor-version":[{"id":1032,"href":"https:\/\/www.termisol.nl\/termisol2022\/wp-json\/wp\/v2\/posts\/1026\/revisions\/1032"}],"wp:featuredmedia":[{"embeddable":true,"href":"https:\/\/www.termisol.nl\/termisol2022\/wp-json\/wp\/v2\/media\/1027"}],"wp:attachment":[{"href":"https:\/\/www.termisol.nl\/termisol2022\/wp-json\/wp\/v2\/media?parent=1026"}],"wp:term":[{"taxonomy":"category","embeddable":true,"href":"https:\/\/www.termisol.nl\/termisol2022\/wp-json\/wp\/v2\/categories?post=1026"},{"taxonomy":"post_tag","embeddable":true,"href":"https:\/\/www.termisol.nl\/termisol2022\/wp-json\/wp\/v2\/tags?post=1026"}],"curies":[{"name":"wp","href":"https:\/\/api.w.org\/{rel}","templated":true}]}}